{"id":87,"date":"2024-03-15T08:00:00","date_gmt":"2024-03-15T08:00:00","guid":{"rendered":"https:\/\/lg-eichen.de\/?p=87"},"modified":"2026-04-02T16:42:44","modified_gmt":"2026-04-02T16:42:44","slug":"12-04-2024-19-uhr-infoabend","status":"publish","type":"post","link":"https:\/\/lg-eichen.de\/index.php\/2024\/03\/15\/12-04-2024-19-uhr-infoabend\/","title":{"rendered":"12.04.2024 | 19 UHR | INFOABEND"},"content":{"rendered":"\n<p>Eingeladen sind alle Anwohner, Gesch\u00e4ftsleute, Freunde der Feuerwehr und dar\u00fcber hinaus alle interessierten Eichener. Wir informieren \u00fcber unsere geplante Festmeile rund um die &#8222;Eichener Stra\u00dfe&#8220; am 25.05.2025. Ab 19 Uhr im Ger\u00e4tehaus Eichen &#8211; wir freuen uns auf Euch Alle! <\/p>\n","protected":false},"excerpt":{"rendered":"<p>Eingeladen sind alle Anwohner, Gesch\u00e4ftsleute, Freunde der Feuerwehr und dar\u00fcber hinaus alle interessierten Eichener. Wir informieren \u00fcber unsere geplante Festmeile rund um die &#8222;Eichener Stra\u00dfe&#8220; am 25.05.2025. Ab 19 Uhr im Ger\u00e4tehaus Eichen &#8211; wir freuen uns auf Euch Alle!<\/p>\n","protected":false},"author":2,"featured_media":92,"comment_status":"open","ping_status":"open","sticky":false,"template":"","format":"standard","meta":{"footnotes":""},"categories":[3],"tags":[],"class_list":["post-87","post","type-post","status-publish","format-standard","has-post-thumbnail","hentry","category-jubilaeum-2025"],"_links":{"self":[{"href":"https:\/\/lg-eichen.de\/index.php\/wp-json\/wp\/v2\/posts\/87","targetHints":{"allow":["GET"]}}],"collection":[{"href":"https:\/\/lg-eichen.de\/index.php\/wp-json\/wp\/v2\/posts"}],"about":[{"href":"https:\/\/lg-eichen.de\/index.php\/wp-json\/wp\/v2\/types\/post"}],"author":[{"embeddable":true,"href":"https:\/\/lg-eichen.de\/index.php\/wp-json\/wp\/v2\/users\/2"}],"replies":[{"embeddable":true,"href":"https:\/\/lg-eichen.de\/index.php\/wp-json\/wp\/v2\/comments?post=87"}],"version-history":[{"count":1,"href":"https:\/\/lg-eichen.de\/index.php\/wp-json\/wp\/v2\/posts\/87\/revisions"}],"predecessor-version":[{"id":88,"href":"https:\/\/lg-eichen.de\/index.php\/wp-json\/wp\/v2\/posts\/87\/revisions\/88"}],"wp:featuredmedia":[{"embeddable":true,"href":"https:\/\/lg-eichen.de\/index.php\/wp-json\/wp\/v2\/media\/92"}],"wp:attachment":[{"href":"https:\/\/lg-eichen.de\/index.php\/wp-json\/wp\/v2\/media?parent=87"}],"wp:term":[{"taxonomy":"category","embeddable":true,"href":"https:\/\/lg-eichen.de\/index.php\/wp-json\/wp\/v2\/categories?post=87"},{"taxonomy":"post_tag","embeddable":true,"href":"https:\/\/lg-eichen.de\/index.php\/wp-json\/wp\/v2\/tags?post=87"}],"curies":[{"name":"wp","href":"https:\/\/api.w.org\/{rel}","templated":true}]}}